{"id":480,"date":"2007-01-30T12:45:26","date_gmt":"2007-01-30T12:45:26","guid":{"rendered":"http:\/\/www.nomundodaluna.com\/tests\/?p=19"},"modified":"2007-01-30T12:45:26","modified_gmt":"2007-01-30T12:45:26","slug":"vamos-conversar","status":"publish","type":"post","link":"https:\/\/nomundodaluna.com\/?p=480","title":{"rendered":"Vamos Conversar"},"content":{"rendered":"<p>Luna, ontem voc\u00ea deixou a mam\u00e3e preocupada, tensa, sem saber como fazer. At\u00e9 agora estou tentando decifrar o que aconteceu, e confesso que n\u00e3o consegui concluir nada. Fomos visitar a Diana, l\u00e1 no Battery Park. Mesmo com o frio, voc\u00ea foi linda e maravilhosa no seu carrinho, dormiu no metr\u00f4, mas assim que chegamos na casa da Tia Cris e estacionamos a ferrari, voc\u00ea abriu o berreiro. Na hora achei que fosse calor, pois voc\u00ea estava empacotad\u00edssima, mas fui tirando sua roupa e nada, o choro continuou. Era um choro forte mesmo, insistente. Achei que era o sono, tentei a mamadeira e tirei toda sua roupa, foi quando voc\u00ea deu uma tr\u00e9gua. Mas foi r\u00e1pido, logo come\u00e7ou novamente, at\u00e9 que pegou no sono. Dormiu muito pouco, coloquei voc\u00ea na cama da Cris, e sinais de bom humor apareceram. Riu, te troquei e achei que tinha acabado o &#8220;piti&#8221; mas logo recome\u00e7ou.<br \/>\nComo voc\u00ea \u00e9 muito calminha, nunca chora dessa forma, eu comecei a me preocupar de verdade. Ser\u00e1 dor, coc\u00f4 que n\u00e3o sai, ou ser\u00e1 que voc\u00ea est\u00e1 muito adaptada a sua rotina e quando sai dela acontece isso? Sei que o L\u00facio &#8220;m\u00e3os de ouro&#8221; chegou e pegou voc\u00ea no colo. Come\u00e7ou a te embalar andando pela casa inteira e voc\u00ea silenciou. Foram de 3 a 4 horas nessa briga, at\u00e9 que fomos embora. Claro, na hora que te vesti toda e coloquei no carrinho, o bom humor voltou. Eu sabia que isso aconteceria, que quando eu sa\u00edsse voc\u00ea voltaria a ser o meu lindo anjinho. Meu anjinho dorminhoco, dormiu o caminho inteiro, acordou em casa s\u00f3 pro banho, mamou e voltou a dormir. Mas a pergunta ainda est\u00e1 no ar, o que \u00e9 que aconteceu pra voc\u00ea ficar daquele jeito?<br \/>\nAbaixo na foto, o L\u00facio com voc\u00ea e eu com a Diana. Ela \u00e9 muito lindinha Luna, deu at\u00e9 saudades de voc\u00ea t\u00e3o pequenininha. Muito fofa, calminha, um docinho de menina, e olha essas bochechas&#8230;<br \/>\n<a href=\"http:\/\/www.nomundodaluna.com\/diana.jpg\" rel=\"lightbox[480]\"><img loading=\"lazy\" decoding=\"async\" alt=\"diana.jpg\" src=\"http:\/\/www.nomundodaluna.com\/diana-thumb.jpg\" width=\"500\" height=\"375\" \/><\/a><\/p>\n","protected":false},"excerpt":{"rendered":"<p>Luna, ontem voc\u00ea deixou a mam\u00e3e preocupada, tensa, sem saber como fazer. At\u00e9 agora estou tentando decifrar o que aconteceu, e confesso que n\u00e3o consegui concluir nada. Fomos visitar a Diana, l\u00e1 no Battery Park. Mesmo com o frio, voc\u00ea &hellip; <a href=\"https:\/\/nomundodaluna.com\/?p=480\" class=\"more\">Read more &raquo;<\/a><\/p>\n","protected":false},"author":1,"featured_media":0,"comment_status":"closed","ping_status":"open","sticky":false,"template":"","format":"standard","meta":{"footnotes":""},"categories":[20],"tags":[],"class_list":["post-480","post","type-post","status-publish","format-standard","hentry","category-4-meses"],"_links":{"self":[{"href":"https:\/\/nomundodaluna.com\/index.php?rest_route=\/wp\/v2\/posts\/480","targetHints":{"allow":["GET"]}}],"collection":[{"href":"https:\/\/nomundodaluna.com\/index.php?rest_route=\/wp\/v2\/posts"}],"about":[{"href":"https:\/\/nomundodaluna.com\/index.php?rest_route=\/wp\/v2\/types\/post"}],"author":[{"embeddable":true,"href":"https:\/\/nomundodaluna.com\/index.php?rest_route=\/wp\/v2\/users\/1"}],"replies":[{"embeddable":true,"href":"https:\/\/nomundodaluna.com\/index.php?rest_route=%2Fwp%2Fv2%2Fcomments&post=480"}],"version-history":[{"count":0,"href":"https:\/\/nomundodaluna.com\/index.php?rest_route=\/wp\/v2\/posts\/480\/revisions"}],"wp:attachment":[{"href":"https:\/\/nomundodaluna.com\/index.php?rest_route=%2Fwp%2Fv2%2Fmedia&parent=480"}],"wp:term":[{"taxonomy":"category","embeddable":true,"href":"https:\/\/nomundodaluna.com\/index.php?rest_route=%2Fwp%2Fv2%2Fcategories&post=480"},{"taxonomy":"post_tag","embeddable":true,"href":"https:\/\/nomundodaluna.com\/index.php?rest_route=%2Fwp%2Fv2%2Ftags&post=480"}],"curies":[{"name":"wp","href":"https:\/\/api.w.org\/{rel}","templated":true}]}}