{"id":47,"date":"2007-05-19T22:54:40","date_gmt":"2007-05-19T22:54:40","guid":{"rendered":"http:\/\/www.nomundodaluna.com\/tests\/?p=47"},"modified":"2007-05-19T22:54:40","modified_gmt":"2007-05-19T22:54:40","slug":"a-rotina","status":"publish","type":"post","link":"https:\/\/nomundodaluna.com\/?p=47","title":{"rendered":"A rotina"},"content":{"rendered":"<p>Sua rotina est\u00e1 prestes a mudar, pois dia 1 de junho, voc\u00ea come\u00e7a a ir pro Daycare. Fico pensando como vai ser o seu soninho, a comidinha e como v\u00e3o lidar com sua fase super enjoada.<br \/>\nHoje em dia, voc\u00ea segue assim:<br \/>\n<strong>7:00 <\/strong>Acorda<br \/>\n<strong>7:30<\/strong> Toma 5\/6 oz de leite<br \/>\n<strong>8:00<\/strong> Com muito custo, come uma frutinha depois do leite<br \/>\n<strong>9:30<\/strong> Cai no sono<br \/>\n<strong>11:30<\/strong> Acorda<br \/>\n<strong>12:00<\/strong> Almo\u00e7a uma papinha, mix de frutinhas amassadas, e 3oz. de leite<br \/>\n<strong>14:30<\/strong> Toma suco e dorme<br \/>\n<strong>16:00 <\/strong>Acorda e come uma frutinha<br \/>\n<strong>18:40<\/strong> Toma banho<br \/>\n<strong>19:30<\/strong> Janta papinha, sobremesa de frutas e 4oz. de leite<br \/>\n<strong>20:30<\/strong> Dorme feito um anjinho (bravo)<br \/>\nDizem que l\u00e1 v\u00e3o tentar seguir essa rotina o m\u00e1ximo poss\u00edvel, mas sei que de manh\u00e3 as crian\u00e7as come\u00e7am a dormir em torno das 11:00 hrs ,quando voc\u00ea normalmente est\u00e1 acordando. Vamos ver o que vai acontecer, mas uma coisa \u00e9 certa: n\u00e3o \u00e9 s\u00f3 sua rotina que mudar\u00e1, agora a minha que j\u00e1 \u00e9 bem diferente do que sempre foi, vai novamente ficar mais corrida, depois que a vov\u00f3 for embora e a mam\u00e3e ficar cuidando de voc\u00ea sozinha e levando e buscando na escolinha.<br \/>\nMas como eu j\u00e1 disse antes, voc\u00ea merece tudo!<br \/>\n<img loading=\"lazy\" decoding=\"async\" src=\"http:\/\/www.nomundodaluna.com\/IMG_4053.jpg\" width=\"500\" height=\"375\" \/><\/p>\n","protected":false},"excerpt":{"rendered":"<p>Sua rotina est\u00e1 prestes a mudar, pois dia 1 de junho, voc\u00ea come\u00e7a a ir pro Daycare. Fico pensando como vai ser o seu soninho, a comidinha e como v\u00e3o lidar com sua fase super enjoada. Hoje em dia, voc\u00ea &hellip; <a href=\"https:\/\/nomundodaluna.com\/?p=47\" class=\"more\">Read more &raquo;<\/a><\/p>\n","protected":false},"author":1,"featured_media":0,"comment_status":"closed","ping_status":"open","sticky":false,"template":"","format":"standard","meta":{"footnotes":""},"categories":[25],"tags":[],"class_list":["post-47","post","type-post","status-publish","format-standard","hentry","category-7-meses"],"_links":{"self":[{"href":"https:\/\/nomundodaluna.com\/index.php?rest_route=\/wp\/v2\/posts\/47","targetHints":{"allow":["GET"]}}],"collection":[{"href":"https:\/\/nomundodaluna.com\/index.php?rest_route=\/wp\/v2\/posts"}],"about":[{"href":"https:\/\/nomundodaluna.com\/index.php?rest_route=\/wp\/v2\/types\/post"}],"author":[{"embeddable":true,"href":"https:\/\/nomundodaluna.com\/index.php?rest_route=\/wp\/v2\/users\/1"}],"replies":[{"embeddable":true,"href":"https:\/\/nomundodaluna.com\/index.php?rest_route=%2Fwp%2Fv2%2Fcomments&post=47"}],"version-history":[{"count":0,"href":"https:\/\/nomundodaluna.com\/index.php?rest_route=\/wp\/v2\/posts\/47\/revisions"}],"wp:attachment":[{"href":"https:\/\/nomundodaluna.com\/index.php?rest_route=%2Fwp%2Fv2%2Fmedia&parent=47"}],"wp:term":[{"taxonomy":"category","embeddable":true,"href":"https:\/\/nomundodaluna.com\/index.php?rest_route=%2Fwp%2Fv2%2Fcategories&post=47"},{"taxonomy":"post_tag","embeddable":true,"href":"https:\/\/nomundodaluna.com\/index.php?rest_route=%2Fwp%2Fv2%2Ftags&post=47"}],"curies":[{"name":"wp","href":"https:\/\/api.w.org\/{rel}","templated":true}]}}